{"id":6042,"date":"2021-08-30T14:26:49","date_gmt":"2021-08-30T12:26:49","guid":{"rendered":"https:\/\/www.aikido-zentrum-offenbach.de\/?p=6042"},"modified":"2023-07-29T22:17:26","modified_gmt":"2023-07-29T20:17:26","slug":"praeventionswochen-nach-den-sommerferien","status":"publish","type":"post","link":"https:\/\/www.aikido-zentrum-offenbach.de\/en\/praeventionswochen-nach-den-sommerferien\/","title":{"rendered":"Pr\u00e4ventionswochen im Kinder- und Jugendtraining."},"content":{"rendered":"\n<h2 class=\"wp-block-heading\">Zur\u00fcck nach den Sommerferien 2021<\/h2>\n\n\n\n<h3 class=\"wp-block-heading\">AIKIDO Training f\u00fcr Kinder und Jugendliche in den Pr\u00e4ventionswochen nach den Sommerferien 2021<\/h3>\n\n\n<style>.kb-gallery-id-_5e7256-fd.kb-gallery-ul.kb-gallery-type-fluidcarousel .kt-blocks-carousel figure .kb-gal-image-radius, .kb-gallery-id-_5e7256-fd.kb-gallery-ul.kb-gallery-type-fluidcarousel .kt-blocks-carousel figure .kb-gal-image-radius img{height:300px;}.kb-gallery-id-_5e7256-fd .kadence-blocks-gallery-item .kb-gal-image-radius, .kb-gallery-id-_5e7256-fd .kb-slide-item .kb-gal-image-radius img{border-radius:0px 0px 0px 0px;;}.kb-gallery-wrap-id-_5e7256-fd.wp-block-kadence-advancedgallery{overflow:visible;}.kb-gallery-wrap-id-_5e7256-fd.wp-block-kadence-advancedgallery .kt-blocks-carousel{overflow:visible;max-width:100%;}<\/style><div class=\"kb-gallery-wrap-id-_5e7256-fd alignnone wp-block-kadence-advancedgallery\"><div class=\"kb-gallery-ul kb-gallery-non-static kb-gallery-type-fluidcarousel kb-gallery-id-_5e7256-fd kb-gallery-caption-style-bottom-hover kb-gallery-filter-none kb-gallery-magnific-init\" data-image-filter=\"none\" data-lightbox-caption=\"true\"><div class=\"kt-blocks-carousel splide kt-carousel-container-dotstyle-dark kt-carousel-arrowstyle-whiteondark kt-carousel-dotstyle-dark kb-slider-group-arrow kb-slider-arrow-position-center\" data-slider-anim-speed=\"400\" data-slider-scroll=\"1\" data-slider-arrows=\"true\" data-slider-dots=\"true\" data-slider-hover-pause=\"false\" data-slider-auto=\"\" data-slider-speed=\"7000\" data-slider-type=\"fluidcarousel\" data-slider-center-mode=\"true\" data-slider-gap=\"10px\" data-slider-gap-tablet=\"10px\" data-slider-gap-mobile=\"10px\" data-show-pause-button=\"false\"><div class=\"splide__track\"><ul class=\"kt-blocks-carousel-init kb-blocks-fluid-carousel splide__list\"><li class=\"kb-slide-item kb-gallery-carousel-item splide__slide\"><div class=\"kadence-blocks-gallery-item\"><div class=\"kadence-blocks-gallery-item-inner\"><figure class=\"kb-gallery-figure kb-gallery-item-has-link kadence-blocks-gallery-item-hide-caption\"><a href=\"https:\/\/www.aikido-zentrum-offenbach.de\/wp-content\/uploads\/2021\/08\/20200813_165111-768x1024-1.jpg\" class=\"kb-gallery-item-link\"   role=\"button\" aria-haspopup=\"dialog\"><div class=\"kb-gal-image-radius\"><div class=\"kb-gallery-image-contain\" ><img loading=\"lazy\" decoding=\"async\" src=\"https:\/\/www.aikido-zentrum-offenbach.de\/wp-content\/uploads\/2021\/08\/20200813_165111-768x1024-1.jpg\" width=\"768\" height=\"1024\" alt=\"\" data-full-image=\"https:\/\/www.aikido-zentrum-offenbach.de\/wp-content\/uploads\/2021\/08\/20200813_165111-768x1024-1.jpg\" data-light-image=\"https:\/\/www.aikido-zentrum-offenbach.de\/wp-content\/uploads\/2021\/08\/20200813_165111-768x1024-1.jpg\" data-id=\"6742\" class=\"wp-image-6742 skip-lazy\" srcset=\"https:\/\/www.aikido-zentrum-offenbach.de\/wp-content\/uploads\/2021\/08\/20200813_165111-768x1024-1.jpg 768w, https:\/\/www.aikido-zentrum-offenbach.de\/wp-content\/uploads\/2021\/08\/20200813_165111-768x1024-1-600x800.jpg 600w, https:\/\/www.aikido-zentrum-offenbach.de\/wp-content\/uploads\/2021\/08\/20200813_165111-768x1024-1-225x300.jpg 225w\" sizes=\"auto, (max-width: 768px) 100vw, 768px\" \/><\/div><\/div><\/a><\/figure><\/div><\/div><\/li><li class=\"kb-slide-item kb-gallery-carousel-item splide__slide\"><div class=\"kadence-blocks-gallery-item\"><div class=\"kadence-blocks-gallery-item-inner\"><figure class=\"kb-gallery-figure kb-gallery-item-has-link kadence-blocks-gallery-item-hide-caption\"><a href=\"https:\/\/www.aikido-zentrum-offenbach.de\/wp-content\/uploads\/2021\/08\/20201029_162323-1536x577-1.jpg\" class=\"kb-gallery-item-link\"   role=\"button\" aria-haspopup=\"dialog\"><div class=\"kb-gal-image-radius\"><div class=\"kb-gallery-image-contain\" ><img loading=\"lazy\" decoding=\"async\" src=\"https:\/\/www.aikido-zentrum-offenbach.de\/wp-content\/uploads\/2021\/08\/20201029_162323-1536x577-1-1024x385.jpg\" width=\"1024\" height=\"385\" alt=\"\" data-full-image=\"https:\/\/www.aikido-zentrum-offenbach.de\/wp-content\/uploads\/2021\/08\/20201029_162323-1536x577-1.jpg\" data-light-image=\"https:\/\/www.aikido-zentrum-offenbach.de\/wp-content\/uploads\/2021\/08\/20201029_162323-1536x577-1.jpg\" data-id=\"6743\" class=\"wp-image-6743 skip-lazy\" srcset=\"https:\/\/www.aikido-zentrum-offenbach.de\/wp-content\/uploads\/2021\/08\/20201029_162323-1536x577-1-1024x385.jpg 1024w, https:\/\/www.aikido-zentrum-offenbach.de\/wp-content\/uploads\/2021\/08\/20201029_162323-1536x577-1-600x225.jpg 600w, https:\/\/www.aikido-zentrum-offenbach.de\/wp-content\/uploads\/2021\/08\/20201029_162323-1536x577-1-300x113.jpg 300w, https:\/\/www.aikido-zentrum-offenbach.de\/wp-content\/uploads\/2021\/08\/20201029_162323-1536x577-1-768x289.jpg 768w, https:\/\/www.aikido-zentrum-offenbach.de\/wp-content\/uploads\/2021\/08\/20201029_162323-1536x577-1.jpg 1536w\" sizes=\"auto, (max-width: 1024px) 100vw, 1024px\" \/><\/div><\/div><\/a><\/figure><\/div><\/div><\/li><li class=\"kb-slide-item kb-gallery-carousel-item splide__slide\"><div class=\"kadence-blocks-gallery-item\"><div class=\"kadence-blocks-gallery-item-inner\"><figure class=\"kb-gallery-figure kb-gallery-item-has-link kadence-blocks-gallery-item-hide-caption\"><a href=\"https:\/\/www.aikido-zentrum-offenbach.de\/wp-content\/uploads\/2021\/08\/20201029_181953-1152x1536-1.jpg\" class=\"kb-gallery-item-link\"   role=\"button\" aria-haspopup=\"dialog\"><div class=\"kb-gal-image-radius\"><div class=\"kb-gallery-image-contain\" ><img loading=\"lazy\" decoding=\"async\" src=\"https:\/\/www.aikido-zentrum-offenbach.de\/wp-content\/uploads\/2021\/08\/20201029_181953-1152x1536-1-768x1024.jpg\" width=\"768\" height=\"1024\" alt=\"\" data-full-image=\"https:\/\/www.aikido-zentrum-offenbach.de\/wp-content\/uploads\/2021\/08\/20201029_181953-1152x1536-1.jpg\" data-light-image=\"https:\/\/www.aikido-zentrum-offenbach.de\/wp-content\/uploads\/2021\/08\/20201029_181953-1152x1536-1.jpg\" data-id=\"6744\" class=\"wp-image-6744 skip-lazy\" srcset=\"https:\/\/www.aikido-zentrum-offenbach.de\/wp-content\/uploads\/2021\/08\/20201029_181953-1152x1536-1-768x1024.jpg 768w, https:\/\/www.aikido-zentrum-offenbach.de\/wp-content\/uploads\/2021\/08\/20201029_181953-1152x1536-1-600x800.jpg 600w, https:\/\/www.aikido-zentrum-offenbach.de\/wp-content\/uploads\/2021\/08\/20201029_181953-1152x1536-1-225x300.jpg 225w, https:\/\/www.aikido-zentrum-offenbach.de\/wp-content\/uploads\/2021\/08\/20201029_181953-1152x1536-1.jpg 1152w\" sizes=\"auto, (max-width: 768px) 100vw, 768px\" \/><\/div><\/div><\/a><\/figure><\/div><\/div><\/li><li class=\"kb-slide-item kb-gallery-carousel-item splide__slide\"><div class=\"kadence-blocks-gallery-item\"><div class=\"kadence-blocks-gallery-item-inner\"><figure class=\"kb-gallery-figure kb-gallery-item-has-link kadence-blocks-gallery-item-hide-caption\"><a href=\"https:\/\/www.aikido-zentrum-offenbach.de\/wp-content\/uploads\/2021\/08\/20200702_170107-1152x1536-1.jpg\" class=\"kb-gallery-item-link\"   role=\"button\" aria-haspopup=\"dialog\"><div class=\"kb-gal-image-radius\"><div class=\"kb-gallery-image-contain\" ><img loading=\"lazy\" decoding=\"async\" src=\"https:\/\/www.aikido-zentrum-offenbach.de\/wp-content\/uploads\/2021\/08\/20200702_170107-1152x1536-1-768x1024.jpg\" width=\"768\" height=\"1024\" alt=\"\" data-full-image=\"https:\/\/www.aikido-zentrum-offenbach.de\/wp-content\/uploads\/2021\/08\/20200702_170107-1152x1536-1.jpg\" data-light-image=\"https:\/\/www.aikido-zentrum-offenbach.de\/wp-content\/uploads\/2021\/08\/20200702_170107-1152x1536-1.jpg\" data-id=\"6745\" class=\"wp-image-6745 skip-lazy\" srcset=\"https:\/\/www.aikido-zentrum-offenbach.de\/wp-content\/uploads\/2021\/08\/20200702_170107-1152x1536-1-768x1024.jpg 768w, https:\/\/www.aikido-zentrum-offenbach.de\/wp-content\/uploads\/2021\/08\/20200702_170107-1152x1536-1-600x800.jpg 600w, https:\/\/www.aikido-zentrum-offenbach.de\/wp-content\/uploads\/2021\/08\/20200702_170107-1152x1536-1-225x300.jpg 225w, https:\/\/www.aikido-zentrum-offenbach.de\/wp-content\/uploads\/2021\/08\/20200702_170107-1152x1536-1.jpg 1152w\" sizes=\"auto, (max-width: 768px) 100vw, 768px\" \/><\/div><\/div><\/a><\/figure><\/div><\/div><\/li><li class=\"kb-slide-item kb-gallery-carousel-item splide__slide\"><div class=\"kadence-blocks-gallery-item\"><div class=\"kadence-blocks-gallery-item-inner\"><figure class=\"kb-gallery-figure kb-gallery-item-has-link kadence-blocks-gallery-item-hide-caption\"><a href=\"https:\/\/www.aikido-zentrum-offenbach.de\/wp-content\/uploads\/2021\/08\/20200702_165020-1308x1536-1.jpg\" class=\"kb-gallery-item-link\"   role=\"button\" aria-haspopup=\"dialog\"><div class=\"kb-gal-image-radius\"><div class=\"kb-gallery-image-contain\" ><img loading=\"lazy\" decoding=\"async\" src=\"https:\/\/www.aikido-zentrum-offenbach.de\/wp-content\/uploads\/2021\/08\/20200702_165020-1308x1536-1-872x1024.jpg\" width=\"872\" height=\"1024\" alt=\"\" data-full-image=\"https:\/\/www.aikido-zentrum-offenbach.de\/wp-content\/uploads\/2021\/08\/20200702_165020-1308x1536-1.jpg\" data-light-image=\"https:\/\/www.aikido-zentrum-offenbach.de\/wp-content\/uploads\/2021\/08\/20200702_165020-1308x1536-1.jpg\" data-id=\"6746\" class=\"wp-image-6746 skip-lazy\" srcset=\"https:\/\/www.aikido-zentrum-offenbach.de\/wp-content\/uploads\/2021\/08\/20200702_165020-1308x1536-1-872x1024.jpg 872w, https:\/\/www.aikido-zentrum-offenbach.de\/wp-content\/uploads\/2021\/08\/20200702_165020-1308x1536-1-600x705.jpg 600w, https:\/\/www.aikido-zentrum-offenbach.de\/wp-content\/uploads\/2021\/08\/20200702_165020-1308x1536-1-255x300.jpg 255w, https:\/\/www.aikido-zentrum-offenbach.de\/wp-content\/uploads\/2021\/08\/20200702_165020-1308x1536-1-768x902.jpg 768w, https:\/\/www.aikido-zentrum-offenbach.de\/wp-content\/uploads\/2021\/08\/20200702_165020-1308x1536-1.jpg 1308w\" sizes=\"auto, (max-width: 872px) 100vw, 872px\" \/><\/div><\/div><\/a><\/figure><\/div><\/div><\/li><li class=\"kb-slide-item kb-gallery-carousel-item splide__slide\"><div class=\"kadence-blocks-gallery-item\"><div class=\"kadence-blocks-gallery-item-inner\"><figure class=\"kb-gallery-figure kb-gallery-item-has-link kadence-blocks-gallery-item-hide-caption\"><a href=\"https:\/\/www.aikido-zentrum-offenbach.de\/wp-content\/uploads\/2021\/08\/20201029_181953-scaled-600x800-1.jpg\" class=\"kb-gallery-item-link\"   role=\"button\" aria-haspopup=\"dialog\"><div class=\"kb-gal-image-radius\"><div class=\"kb-gallery-image-contain\" ><img loading=\"lazy\" decoding=\"async\" src=\"https:\/\/www.aikido-zentrum-offenbach.de\/wp-content\/uploads\/2021\/08\/20201029_181953-scaled-600x800-1.jpg\" width=\"600\" height=\"800\" alt=\"\" data-full-image=\"https:\/\/www.aikido-zentrum-offenbach.de\/wp-content\/uploads\/2021\/08\/20201029_181953-scaled-600x800-1.jpg\" data-light-image=\"https:\/\/www.aikido-zentrum-offenbach.de\/wp-content\/uploads\/2021\/08\/20201029_181953-scaled-600x800-1.jpg\" data-id=\"6747\" class=\"wp-image-6747 skip-lazy\" srcset=\"https:\/\/www.aikido-zentrum-offenbach.de\/wp-content\/uploads\/2021\/08\/20201029_181953-scaled-600x800-1.jpg 600w, https:\/\/www.aikido-zentrum-offenbach.de\/wp-content\/uploads\/2021\/08\/20201029_181953-scaled-600x800-1-225x300.jpg 225w\" sizes=\"auto, (max-width: 600px) 100vw, 600px\" \/><\/div><\/div><\/a><\/figure><\/div><\/div><\/li><li class=\"kb-slide-item kb-gallery-carousel-item splide__slide\"><div class=\"kadence-blocks-gallery-item\"><div class=\"kadence-blocks-gallery-item-inner\"><figure class=\"kb-gallery-figure kb-gallery-item-has-link kadence-blocks-gallery-item-hide-caption\"><a href=\"https:\/\/www.aikido-zentrum-offenbach.de\/wp-content\/uploads\/2021\/08\/20200702_164213-1152x1536-1.jpg\" class=\"kb-gallery-item-link\"   role=\"button\" aria-haspopup=\"dialog\"><div class=\"kb-gal-image-radius\"><div class=\"kb-gallery-image-contain\" ><img loading=\"lazy\" decoding=\"async\" src=\"https:\/\/www.aikido-zentrum-offenbach.de\/wp-content\/uploads\/2021\/08\/20200702_164213-1152x1536-1-768x1024.jpg\" width=\"768\" height=\"1024\" alt=\"\" data-full-image=\"https:\/\/www.aikido-zentrum-offenbach.de\/wp-content\/uploads\/2021\/08\/20200702_164213-1152x1536-1.jpg\" data-light-image=\"https:\/\/www.aikido-zentrum-offenbach.de\/wp-content\/uploads\/2021\/08\/20200702_164213-1152x1536-1.jpg\" data-id=\"6748\" class=\"wp-image-6748 skip-lazy\" srcset=\"https:\/\/www.aikido-zentrum-offenbach.de\/wp-content\/uploads\/2021\/08\/20200702_164213-1152x1536-1-768x1024.jpg 768w, https:\/\/www.aikido-zentrum-offenbach.de\/wp-content\/uploads\/2021\/08\/20200702_164213-1152x1536-1-600x800.jpg 600w, https:\/\/www.aikido-zentrum-offenbach.de\/wp-content\/uploads\/2021\/08\/20200702_164213-1152x1536-1-225x300.jpg 225w, https:\/\/www.aikido-zentrum-offenbach.de\/wp-content\/uploads\/2021\/08\/20200702_164213-1152x1536-1.jpg 1152w\" sizes=\"auto, (max-width: 768px) 100vw, 768px\" \/><\/div><\/div><\/a><\/figure><\/div><\/div><\/li><\/ul><\/div><\/div><\/div><\/div>\n\n\n<h4 class=\"wp-block-heading\">ab Dienstag 31.08.2021<\/h4>\n\n\n\n<p>In den beiden Pr\u00e4ventionswochen nach den Sommerferien bieten wir Aikidotraining f\u00fcr Kinder und Jugendliche an.<br>Dabei passen wir unsere Hygienema\u00dfnahmen an, um so das Infektionsrisiko zu minimieren.<\/p>\n\n\n\n<p>Wir bleiben vorerst bei den aktuellen Trainingszeiten:<\/p>\n\n\n\n<p>Dienstag 17.00 &#8211; 17.45 Uhr: 9 &#8211; 13 Jahr<br>Dienstag 18.00 &#8211; 18.45 Uhr: Fortgeschrittene Kinder (ab Orange mit 2 Monchos und nach Vereinbarung)<br>Donnerstag 17.00 &#8211; 17.45 Uhr: ab 4 Jahre<br>Donnerstag 18.00 &#8211; 18.45 Uhr: 7 &#8211; 9 Jahre&nbsp;<\/p>\n\n\n\n<p>Freitags um 18.15 Uhr: Jugendliche und Fortgeschrittene, nach R\u00fccksprache mit uns.<\/p>\n\n\n\n<h4 class=\"wp-block-heading\">Gruppeneinteilung<\/h4>\n\n\n\n<p>Wir starten mit den bisherigen Gruppen. Bitte sprecht uns an, wenn es \u00c4nderungsbedarf gibt.<br>In diesen zwei Wochen beobachten wir verst\u00e4rkt, ob ein Gruppenwechsel sinnvoll erscheint. Schlie\u00dflich entwickeln sich die Kinder auch in der Pandemie weiter, und wir m\u00f6chten nicht, dass sich jemand unterfordert f\u00fchlt.<br>Bitte sprecht uns an, wenn Ihr hier selbst Bedarf seht.<\/p>\n\n\n\n<h4 class=\"wp-block-heading\">&nbsp;<\/h4>\n\n\n\n<h4 class=\"wp-block-heading\">Trainingsbedingungen:<\/h4>\n\n\n\n<ul class=\"wp-block-list\">\n<li><span class=\"jss1980 jss2853\">Max. 10 Personen <\/span><\/li>\n\n\n\n<li><span class=\"jss1980 jss2853\">Eintrag auf TeilnehmerInnen-Liste zur Kontaktnachverfolgung<br><\/span><\/li>\n\n\n\n<li>3 G-Regel (Geimpft, Genesen, Getestet)<br>Nachweis durch Testheft\/B\u00fcrgertest-Zertifikat\/Impfzertifikat\/Genesenen-Nachweis<br>Solange Eure Schule die Testhefte in der ersten Schulwoche noch nicht fertiggestellt hat, gilt f\u00fcr uns die Bescheinigung der Teilnahme an den Schnelltests.<\/li>\n\n\n\n<li><span class=\"jss1980 jss2853\">Maskenpflicht (medizinische Maske; Wechselmaske mitbringen!)<br><\/span><\/li>\n\n\n\n<li><span class=\"jss1980 jss2853\">Im Gi\/in Trainingskleidung kommen (Umkleide bleibt geschlossen) <\/span><\/li>\n\n\n\n<li><span class=\"jss1980 jss2853\">WC ge\u00f6ffnet, mit Maske <\/span><\/li>\n\n\n\n<li><span class=\"jss1980 jss2853\">Eingang normal, Ausgang von der Matte <\/span><\/li>\n\n\n\n<li><span class=\"jss1980 jss2853\">St\u00e4ndige L\u00fcftung <\/span><\/li>\n\n\n\n<li><span class=\"jss1980 jss2853\">Kontaktfreies Training auf Abstand <\/span><\/li>\n\n\n\n<li><strong><span class=\"jss1980 jss2853\">Nur gesund und symptomfrei zum Training kommen!<\/span><\/strong><\/li>\n\n\n\n<li><a href=\"https:\/\/www.aikido-zentrum-offenbach.de\/kinder\/kinder-faq\/\">Allgemeine und Corona-spezifische Hygienema\u00dfnahmen sind in unseren FAQs nachzulesen<\/a><\/li>\n<\/ul>\n\n\n\n<h4 class=\"wp-block-heading\">Fragen?<\/h4>\n\n\n\n<p>Sollte es noch Fragen geben, meldet Euch gerne bei uns.<\/p>\n\n\n\n<h5 class=\"wp-block-heading\">Wir freuen uns auf unser Wiedersehen nach den Sommerferien!<\/h5>\n\n\n\n<h5 class=\"wp-block-heading\">Herzliche Gr\u00fc\u00dfe,<\/h5>\n\n\n\n<h5 class=\"wp-block-heading\">Annette, Markus, Monika und Matthias<\/h5>\n","protected":false},"excerpt":{"rendered":"<p>Zur\u00fcck nach den Sommerferien 2021 AIKIDO Training f\u00fcr Kinder und Jugendliche in den Pr\u00e4ventionswochen nach den Sommerferien 2021 ab Dienstag 31.08.2021 In den beiden Pr\u00e4ventionswochen nach den Sommerferien bieten wir Aikidotraining f\u00fcr Kinder und Jugendliche an.Dabei passen wir unsere Hygienema\u00dfnahmen an, um so das Infektionsrisiko zu minimieren. Wir bleiben vorerst bei den aktuellen Trainingszeiten: Dienstag&#8230;<\/p>\n","protected":false},"author":2,"featured_media":6440,"comment_status":"closed","ping_status":"closed","sticky":false,"template":"","format":"standard","meta":{"_kad_blocks_custom_css":"","_kad_blocks_head_custom_js":"","_kad_blocks_body_custom_js":"","_kad_blocks_footer_custom_js":"","_kadence_starter_templates_imported_post":false,"_kad_post_transparent":"","_kad_post_title":"","_kad_post_layout":"","_kad_post_sidebar_id":"","_kad_post_content_style":"","_kad_post_vertical_padding":"","_kad_post_feature":"","_kad_post_feature_position":"","_kad_post_header":false,"_kad_post_footer":false,"footnotes":""},"categories":[42,29,65],"tags":[],"class_list":["post-6042","post","type-post","status-publish","format-standard","has-post-thumbnail","hentry","category-azof","category-kinder","category-training"],"taxonomy_info":{"category":[{"value":42,"label":"AZOF"},{"value":29,"label":"Kinder"},{"value":65,"label":"Training"}]},"featured_image_src_large":["https:\/\/www.aikido-zentrum-offenbach.de\/wp-content\/uploads\/2021\/08\/20201029_162323-1024x385.jpg",1024,385,true],"author_info":{"display_name":"Annette R\u00f6llig","author_link":"https:\/\/www.aikido-zentrum-offenbach.de\/en\/author\/annette\/"},"comment_info":0,"category_info":[{"term_id":42,"name":"AZOF","slug":"azof","term_group":0,"term_taxonomy_id":42,"taxonomy":"category","description":"","parent":0,"count":58,"filter":"raw","cat_ID":42,"category_count":58,"category_description":"","cat_name":"AZOF","category_nicename":"azof","category_parent":0},{"term_id":29,"name":"Kinder","slug":"kinder","term_group":0,"term_taxonomy_id":29,"taxonomy":"category","description":"","parent":0,"count":41,"filter":"raw","cat_ID":29,"category_count":41,"category_description":"","cat_name":"Kinder","category_nicename":"kinder","category_parent":0},{"term_id":65,"name":"Training","slug":"training","term_group":0,"term_taxonomy_id":65,"taxonomy":"category","description":"","parent":0,"count":14,"filter":"raw","cat_ID":65,"category_count":14,"category_description":"","cat_name":"Training","category_nicename":"training","category_parent":0}],"tag_info":false,"_links":{"self":[{"href":"https:\/\/www.aikido-zentrum-offenbach.de\/en\/wp-json\/wp\/v2\/posts\/6042","targetHints":{"allow":["GET"]}}],"collection":[{"href":"https:\/\/www.aikido-zentrum-offenbach.de\/en\/wp-json\/wp\/v2\/posts"}],"about":[{"href":"https:\/\/www.aikido-zentrum-offenbach.de\/en\/wp-json\/wp\/v2\/types\/post"}],"author":[{"embeddable":true,"href":"https:\/\/www.aikido-zentrum-offenbach.de\/en\/wp-json\/wp\/v2\/users\/2"}],"replies":[{"embeddable":true,"href":"https:\/\/www.aikido-zentrum-offenbach.de\/en\/wp-json\/wp\/v2\/comments?post=6042"}],"version-history":[{"count":4,"href":"https:\/\/www.aikido-zentrum-offenbach.de\/en\/wp-json\/wp\/v2\/posts\/6042\/revisions"}],"predecessor-version":[{"id":6749,"href":"https:\/\/www.aikido-zentrum-offenbach.de\/en\/wp-json\/wp\/v2\/posts\/6042\/revisions\/6749"}],"wp:featuredmedia":[{"embeddable":true,"href":"https:\/\/www.aikido-zentrum-offenbach.de\/en\/wp-json\/wp\/v2\/media\/6440"}],"wp:attachment":[{"href":"https:\/\/www.aikido-zentrum-offenbach.de\/en\/wp-json\/wp\/v2\/media?parent=6042"}],"wp:term":[{"taxonomy":"category","embeddable":true,"href":"https:\/\/www.aikido-zentrum-offenbach.de\/en\/wp-json\/wp\/v2\/categories?post=6042"},{"taxonomy":"post_tag","embeddable":true,"href":"https:\/\/www.aikido-zentrum-offenbach.de\/en\/wp-json\/wp\/v2\/tags?post=6042"}],"curies":[{"name":"wp","href":"https:\/\/api.w.org\/{rel}","templated":true}]}}